{"id":2430,"date":"2021-04-20T09:49:00","date_gmt":"2021-04-20T07:49:00","guid":{"rendered":"https:\/\/vaellocampos.com\/pt\/la-paella-valenciana-en-el-camino-para-ser-declarada-bien-de-interes-cultural\/"},"modified":"2021-06-21T16:45:29","modified_gmt":"2021-06-21T14:45:29","slug":"a-paelha-valenciana-a-caminho-de-ser-declarada-bem-de-interesse-cultural","status":"publish","type":"post","link":"https:\/\/vaellocampos.com\/pt\/a-paelha-valenciana-a-caminho-de-ser-declarada-bem-de-interesse-cultural\/","title":{"rendered":"A \u201cPAELHA VALENCIANA\u201d A CAMINHO DE SER DECLARADA BEM DE INTERESSE CULTURAL\u00a0"},"content":{"rendered":"\n\n\t\t\t\t<img loading=\"lazy\" decoding=\"async\" src=\"https:\/\/vaellocampos.com\/wp-content\/uploads\/1618903951Capturadepantalla20210420alas9.27.09.png\" alt=\"1618903951Capturadepantalla20210420alas9.27.09\" itemprop=\"image\" height=\"425\" width=\"639\" title=\"1618903951Capturadepantalla20210420alas9.27.09\" onerror=\"this.style.display='none'\"  \/>\n\t20 DE ABRIL DE 2021<br \/>\n<strong>A \u00abPAELHA VALENCIANA\u00bb A CAMINHO DE SER DECLARADA BEM DE INTERESSE CULTURAL<\/strong>\n<p>A Conselharia de Turismo do Ayuntamiento de Val\u00eancia, com o apoio das tr\u00eas deputa\u00e7\u00f5es provinciais, ayuntamientos, universidades valencianas, entidades culturais, restaurantes e chefs, como Quique Dacosta (tr\u00eas estrelas Michelin) ou Ricard Camarena (duas estrelas), propuseram que a \u00abPaelha Valenciana\u00bb fosse declarada Bem de Interesse Cultural (BIC). A arte de unir e partilhar\u00bb.<\/p>\n\t<p>Baseiam a sua solicita\u00e7\u00e3o no facto de tratar-se de \u00abum prato tradicional e contempor\u00e2neo\u00bb, que constitui \u00abum fen\u00f3meno integrador\u00bb e possui um \u00abcar\u00e1ter representativo da sociedade valenciana\u00bb.\u00a0<\/p>\n<p>Todos estes organismos que apoiam tal peti\u00e7\u00e3o garantem que a paelha \u00e9 um \u00abs\u00edmbolo identit\u00e1rio do territ\u00f3rio valenciano que perdurou ao longo dos anos, transmitindo-se de gera\u00e7\u00e3o em gera\u00e7\u00e3o\u00bb, mantendo os seus costumes na forma em como \u00e9 preparada.\u00a0<\/p>\n<p>Por outro lado, \u00e9 tamb\u00e9m um \u00ab\u00edcone cultural no territ\u00f3rio espanhol\u00bb, tornando-se um prato muito conhecido a n\u00edvel internacional.\u00a0<\/p>\n<p>\u2028Al\u00e9m disso, \u00e9 considerada um fen\u00f3meno social, uma vez que na sua prepara\u00e7\u00e3o e elabora\u00e7\u00e3o \u00abse reconhece uma tradi\u00e7\u00e3o e costumes associados a ela, e que culmina no ato social que a envolve: a fraternidade, as reuni\u00f5es para a preparar, degustar e tamb\u00e9m partilhar. H\u00e1 festas e tradi\u00e7\u00f5es que conseguem reunir \u00e0 sua volta todos os habitantes de uma povoa\u00e7\u00e3o, o que representa para os defensores da paelha um \u00abespa\u00e7o id\u00f3neo que valoriza a hospitalidade, a boa vizinhan\u00e7a, o di\u00e1logo intercultural e o respeito que caracterizam a nossa terra\u00bb.\u00a0<\/p>\n\t<p>Por este motivo, a comiss\u00e3o t\u00e9cnica respons\u00e1vel, definiu a paelha como \u00abum bem imaterial muito apreciado, com uma tradi\u00e7\u00e3o hist\u00f3rico-cultural de grande relev\u00e2ncia em todos os \u00e2mbitos, seja local, regional, nacional ou internacional\u00bb.\u00a0<\/p>\n<p>A Vice-Presidente da C\u00e2mara Municipal de Val\u00eancia, Sandra G\u00f3mez, expressou a sua satisfa\u00e7\u00e3o por tal reconhecimento, alentando \u00abpara que se continue a avan\u00e7ar at\u00e9 conseguir que a paelha seja declarada Patrim\u00f3nio Imaterial da Humanidade\u00bb.\u00a0<\/p>\nMais do que uma receita ou um prato de comida, a paelha valenciana \u00e9 uma forma de viver e sentir a gastronomia como algo muito nosso.\u00a0<br \/>\nQuando a paelha for declarada BIC, o seguinte passo ser\u00e1 apresent\u00e1-la \u00e0 Comiss\u00e3o de Patrim\u00f3nio da Unesco. Acham que vamos conseguir?\u00a0\n<p>Viva a paelha!<\/p>\n<a href=\"https:\/\/www.facebook.com\/sharer.php?u=https%3A%2F%2Fvaellocampos.com%2Fpt%2F%3Fp%3D2430%26fl_builder\" target=\"_blank\" onclick=\"window.open(this.href,'social-share','left=20,top=20,width=500,height=500,toolbar=1,resizable=0');return false;\" rel=\"noopener\">\t\t\t\t\n\t\t<\/a>\n\n","protected":false},"excerpt":{"rendered":"<p>20 DE ABRIL DE 2021 A \u00abPAELHA VALENCIANA\u00bb A CAMINHO DE SER [&hellip;]<\/p>\n","protected":false},"author":1,"featured_media":2435,"comment_status":"closed","ping_status":"closed","sticky":false,"template":"","format":"standard","meta":{"_uag_custom_page_level_css":"","_trash_the_other_posts":false,"site-sidebar-layout":"no-sidebar","site-content-layout":"plain-container","ast-site-content-layout":"default","site-content-style":"default","site-sidebar-style":"default","ast-global-header-display":"","ast-banner-title-visibility":"","ast-main-header-display":"","ast-hfb-above-header-display":"","ast-hfb-below-header-display":"","ast-hfb-mobile-header-display":"","site-post-title":"disabled","ast-breadcrumbs-content":"disabled","ast-featured-img":"","footer-sml-layout":"","theme-transparent-header-meta":"default","adv-header-id-meta":"","stick-header-meta":"default","header-above-stick-meta":"","header-main-stick-meta":"","header-below-stick-meta":"","astra-migrate-meta-layouts":"default","ast-page-background-enabled":"default","ast-page-background-meta":{"desktop":{"background-color":"","background-image":"","background-repeat":"repeat","background-position":"center center","background-size":"auto","background-attachment":"scroll","background-type":"","background-media":"","overlay-type":"","overlay-color":"","overlay-opacity":"","overlay-gradient":""},"tablet":{"background-color":"","background-image":"","background-repeat":"repeat","background-position":"center center","background-size":"auto","background-attachment":"scroll","background-type":"","background-media":"","overlay-type":"","overlay-color":"","overlay-opacity":"","overlay-gradient":""},"mobile":{"background-color":"","background-image":"","background-repeat":"repeat","background-position":"center center","background-size":"auto","background-attachment":"scroll","background-type":"","background-media":"","overlay-type":"","overlay-color":"","overlay-opacity":"","overlay-gradient":""}},"ast-content-background-meta":{"desktop":{"background-color":"var(--ast-global-color-5)","background-image":"","background-repeat":"repeat","background-position":"center center","background-size":"auto","background-attachment":"scroll","background-type":"","background-media":"","overlay-type":"","overlay-color":"","overlay-opacity":"","overlay-gradient":""},"tablet":{"background-color":"var(--ast-global-color-5)","background-image":"","background-repeat":"repeat","background-position":"center center","background-size":"auto","background-attachment":"scroll","background-type":"","background-media":"","overlay-type":"","overlay-color":"","overlay-opacity":"","overlay-gradient":""},"mobile":{"background-color":"var(--ast-global-color-5)","background-image":"","background-repeat":"repeat","background-position":"center center","background-size":"auto","background-attachment":"scroll","background-type":"","background-media":"","overlay-type":"","overlay-color":"","overlay-opacity":"","overlay-gradient":""}},"editor_notices":[],"footnotes":""},"categories":[1],"tags":[],"class_list":["post-2430","post","type-post","status-publish","format-standard","has-post-thumbnail","hentry","category-noticias"],"yoast_head":"<!-- This site is optimized with the Yoast SEO plugin v25.3.1 - https:\/\/yoast.com\/wordpress\/plugins\/seo\/ -->\n<title>A \u201cPAELHA VALENCIANA\u201d A CAMINHO DE SER DECLARADA BEM DE INTERESSE CULTURAL\u00a0 - PAELLAS LA VALENCIANA | Customer Cooking Instruments<\/title>\n<meta name=\"robots\" content=\"index, follow, max-snippet:-1, max-image-preview:large, max-video-preview:-1\" \/>\n<link rel=\"canonical\" href=\"https:\/\/vaellocampos.com\/pt\/a-paelha-valenciana-a-caminho-de-ser-declarada-bem-de-interesse-cultural\/\" \/>\n<meta property=\"og:locale\" content=\"es_ES\" \/>\n<meta property=\"og:type\" content=\"article\" \/>\n<meta property=\"og:title\" content=\"A \u201cPAELHA VALENCIANA\u201d A CAMINHO DE SER DECLARADA BEM DE INTERESSE CULTURAL\u00a0 - PAELLAS LA VALENCIANA | Customer Cooking Instruments\" \/>\n<meta property=\"og:description\" content=\"20 DE ABRIL DE 2021 A \u00abPAELHA VALENCIANA\u00bb A CAMINHO DE SER [&hellip;]\" \/>\n<meta property=\"og:url\" content=\"https:\/\/vaellocampos.com\/pt\/a-paelha-valenciana-a-caminho-de-ser-declarada-bem-de-interesse-cultural\/\" \/>\n<meta property=\"og:site_name\" content=\"PAELLAS LA VALENCIANA | Customer Cooking Instruments\" \/>\n<meta property=\"article:published_time\" content=\"2021-04-20T07:49:00+00:00\" \/>\n<meta property=\"article:modified_time\" content=\"2021-06-21T14:45:29+00:00\" \/>\n<meta property=\"og:image\" content=\"https:\/\/vaellocampos.com\/pt\/wp-content\/uploads\/sites\/6\/1618903951Capturadepantalla20210420alas9.27.09.png\" \/>\n\t<meta property=\"og:image:width\" content=\"639\" \/>\n\t<meta property=\"og:image:height\" content=\"425\" \/>\n\t<meta property=\"og:image:type\" content=\"image\/png\" \/>\n<meta name=\"author\" content=\"admin\" \/>\n<meta name=\"twitter:card\" content=\"summary_large_image\" \/>\n<meta name=\"twitter:label1\" content=\"Escrito por\" \/>\n\t<meta name=\"twitter:data1\" content=\"admin\" \/>\n\t<meta name=\"twitter:label2\" content=\"Tiempo de lectura\" \/>\n\t<meta name=\"twitter:data2\" content=\"2 minutos\" \/>\n<script type=\"application\/ld+json\" class=\"yoast-schema-graph\">{\"@context\":\"https:\/\/schema.org\",\"@graph\":[{\"@type\":\"Article\",\"@id\":\"https:\/\/vaellocampos.com\/pt\/a-paelha-valenciana-a-caminho-de-ser-declarada-bem-de-interesse-cultural\/#article\",\"isPartOf\":{\"@id\":\"https:\/\/vaellocampos.com\/pt\/a-paelha-valenciana-a-caminho-de-ser-declarada-bem-de-interesse-cultural\/\"},\"author\":{\"name\":\"admin\",\"@id\":\"https:\/\/vaellocampos.com\/pt\/#\/schema\/person\/9b1aac541930b43faa1ce7757069ee4d\"},\"headline\":\"A \u201cPAELHA VALENCIANA\u201d A CAMINHO DE SER DECLARADA BEM DE INTERESSE CULTURAL\u00a0\",\"datePublished\":\"2021-04-20T07:49:00+00:00\",\"dateModified\":\"2021-06-21T14:45:29+00:00\",\"mainEntityOfPage\":{\"@id\":\"https:\/\/vaellocampos.com\/pt\/a-paelha-valenciana-a-caminho-de-ser-declarada-bem-de-interesse-cultural\/\"},\"wordCount\":408,\"publisher\":{\"@id\":\"https:\/\/vaellocampos.com\/pt\/#organization\"},\"image\":{\"@id\":\"https:\/\/vaellocampos.com\/pt\/a-paelha-valenciana-a-caminho-de-ser-declarada-bem-de-interesse-cultural\/#primaryimage\"},\"thumbnailUrl\":\"https:\/\/vaellocampos.com\/pt\/wp-content\/uploads\/sites\/6\/1618903951Capturadepantalla20210420alas9.27.09.png\",\"articleSection\":[\"not\u00edcias\"],\"inLanguage\":\"es\"},{\"@type\":\"WebPage\",\"@id\":\"https:\/\/vaellocampos.com\/pt\/a-paelha-valenciana-a-caminho-de-ser-declarada-bem-de-interesse-cultural\/\",\"url\":\"https:\/\/vaellocampos.com\/pt\/a-paelha-valenciana-a-caminho-de-ser-declarada-bem-de-interesse-cultural\/\",\"name\":\"A \u201cPAELHA VALENCIANA\u201d A CAMINHO DE SER DECLARADA BEM DE INTERESSE CULTURAL\u00a0 - PAELLAS LA VALENCIANA | Customer Cooking Instruments\",\"isPartOf\":{\"@id\":\"https:\/\/vaellocampos.com\/pt\/#website\"},\"primaryImageOfPage\":{\"@id\":\"https:\/\/vaellocampos.com\/pt\/a-paelha-valenciana-a-caminho-de-ser-declarada-bem-de-interesse-cultural\/#primaryimage\"},\"image\":{\"@id\":\"https:\/\/vaellocampos.com\/pt\/a-paelha-valenciana-a-caminho-de-ser-declarada-bem-de-interesse-cultural\/#primaryimage\"},\"thumbnailUrl\":\"https:\/\/vaellocampos.com\/pt\/wp-content\/uploads\/sites\/6\/1618903951Capturadepantalla20210420alas9.27.09.png\",\"datePublished\":\"2021-04-20T07:49:00+00:00\",\"dateModified\":\"2021-06-21T14:45:29+00:00\",\"breadcrumb\":{\"@id\":\"https:\/\/vaellocampos.com\/pt\/a-paelha-valenciana-a-caminho-de-ser-declarada-bem-de-interesse-cultural\/#breadcrumb\"},\"inLanguage\":\"es\",\"potentialAction\":[{\"@type\":\"ReadAction\",\"target\":[\"https:\/\/vaellocampos.com\/pt\/a-paelha-valenciana-a-caminho-de-ser-declarada-bem-de-interesse-cultural\/\"]}]},{\"@type\":\"ImageObject\",\"inLanguage\":\"es\",\"@id\":\"https:\/\/vaellocampos.com\/pt\/a-paelha-valenciana-a-caminho-de-ser-declarada-bem-de-interesse-cultural\/#primaryimage\",\"url\":\"https:\/\/vaellocampos.com\/pt\/wp-content\/uploads\/sites\/6\/1618903951Capturadepantalla20210420alas9.27.09.png\",\"contentUrl\":\"https:\/\/vaellocampos.com\/pt\/wp-content\/uploads\/sites\/6\/1618903951Capturadepantalla20210420alas9.27.09.png\",\"width\":639,\"height\":425},{\"@type\":\"BreadcrumbList\",\"@id\":\"https:\/\/vaellocampos.com\/pt\/a-paelha-valenciana-a-caminho-de-ser-declarada-bem-de-interesse-cultural\/#breadcrumb\",\"itemListElement\":[{\"@type\":\"ListItem\",\"position\":1,\"name\":\"Portada\",\"item\":\"https:\/\/vaellocampos.com\/pt\/\"},{\"@type\":\"ListItem\",\"position\":2,\"name\":\"A \u201cPAELHA VALENCIANA\u201d A CAMINHO DE SER DECLARADA BEM DE INTERESSE CULTURAL\u00a0\"}]},{\"@type\":\"WebSite\",\"@id\":\"https:\/\/vaellocampos.com\/pt\/#website\",\"url\":\"https:\/\/vaellocampos.com\/pt\/\",\"name\":\"PAELLAS LA VALENCIANA | Customer Cooking Instruments\",\"description\":\"Paellas, frigideiras, ca\u00e7arolas, grelhadores ... La Valenciana desde 1950 oferece aos seus clientes uma vasta gama de produtos\",\"publisher\":{\"@id\":\"https:\/\/vaellocampos.com\/pt\/#organization\"},\"potentialAction\":[{\"@type\":\"SearchAction\",\"target\":{\"@type\":\"EntryPoint\",\"urlTemplate\":\"https:\/\/vaellocampos.com\/pt\/?s={search_term_string}\"},\"query-input\":{\"@type\":\"PropertyValueSpecification\",\"valueRequired\":true,\"valueName\":\"search_term_string\"}}],\"inLanguage\":\"es\"},{\"@type\":\"Organization\",\"@id\":\"https:\/\/vaellocampos.com\/pt\/#organization\",\"name\":\"PAELLAS LA VALENCIANA | Customer Cooking Instruments\",\"url\":\"https:\/\/vaellocampos.com\/pt\/\",\"logo\":{\"@type\":\"ImageObject\",\"inLanguage\":\"es\",\"@id\":\"https:\/\/vaellocampos.com\/pt\/#\/schema\/logo\/image\/\",\"url\":\"https:\/\/vaellocampos.com\/pt\/wp-content\/uploads\/sites\/6\/cropped-logo-menuprincipal.png\",\"contentUrl\":\"https:\/\/vaellocampos.com\/pt\/wp-content\/uploads\/sites\/6\/cropped-logo-menuprincipal.png\",\"width\":131,\"height\":67,\"caption\":\"PAELLAS LA VALENCIANA | Customer Cooking Instruments\"},\"image\":{\"@id\":\"https:\/\/vaellocampos.com\/pt\/#\/schema\/logo\/image\/\"}},{\"@type\":\"Person\",\"@id\":\"https:\/\/vaellocampos.com\/pt\/#\/schema\/person\/9b1aac541930b43faa1ce7757069ee4d\",\"name\":\"admin\",\"image\":{\"@type\":\"ImageObject\",\"inLanguage\":\"es\",\"@id\":\"https:\/\/vaellocampos.com\/pt\/#\/schema\/person\/image\/\",\"url\":\"https:\/\/secure.gravatar.com\/avatar\/f8eb7b525dbfc68172255e23633b5e62388a6804841c82e0a637be32d655ead8?s=96&d=mm&r=g\",\"contentUrl\":\"https:\/\/secure.gravatar.com\/avatar\/f8eb7b525dbfc68172255e23633b5e62388a6804841c82e0a637be32d655ead8?s=96&d=mm&r=g\",\"caption\":\"admin\"},\"sameAs\":[\"https:\/\/vaellocampos.com\"],\"url\":\"https:\/\/vaellocampos.com\/pt\/author\/o2estudio_3k3rco7w\/\"}]}<\/script>\n<!-- \/ Yoast SEO plugin. -->","yoast_head_json":{"title":"A \u201cPAELHA VALENCIANA\u201d A CAMINHO DE SER DECLARADA BEM DE INTERESSE CULTURAL\u00a0 - PAELLAS LA VALENCIANA | Customer Cooking Instruments","robots":{"index":"index","follow":"follow","max-snippet":"max-snippet:-1","max-image-preview":"max-image-preview:large","max-video-preview":"max-video-preview:-1"},"canonical":"https:\/\/vaellocampos.com\/pt\/a-paelha-valenciana-a-caminho-de-ser-declarada-bem-de-interesse-cultural\/","og_locale":"es_ES","og_type":"article","og_title":"A \u201cPAELHA VALENCIANA\u201d A CAMINHO DE SER DECLARADA BEM DE INTERESSE CULTURAL\u00a0 - PAELLAS LA VALENCIANA | Customer Cooking Instruments","og_description":"20 DE ABRIL DE 2021 A \u00abPAELHA VALENCIANA\u00bb A CAMINHO DE SER [&hellip;]","og_url":"https:\/\/vaellocampos.com\/pt\/a-paelha-valenciana-a-caminho-de-ser-declarada-bem-de-interesse-cultural\/","og_site_name":"PAELLAS LA VALENCIANA | Customer Cooking Instruments","article_published_time":"2021-04-20T07:49:00+00:00","article_modified_time":"2021-06-21T14:45:29+00:00","og_image":[{"width":639,"height":425,"url":"https:\/\/vaellocampos.com\/pt\/wp-content\/uploads\/sites\/6\/1618903951Capturadepantalla20210420alas9.27.09.png","type":"image\/png"}],"author":"admin","twitter_card":"summary_large_image","twitter_misc":{"Escrito por":"admin","Tiempo de lectura":"2 minutos"},"schema":{"@context":"https:\/\/schema.org","@graph":[{"@type":"Article","@id":"https:\/\/vaellocampos.com\/pt\/a-paelha-valenciana-a-caminho-de-ser-declarada-bem-de-interesse-cultural\/#article","isPartOf":{"@id":"https:\/\/vaellocampos.com\/pt\/a-paelha-valenciana-a-caminho-de-ser-declarada-bem-de-interesse-cultural\/"},"author":{"name":"admin","@id":"https:\/\/vaellocampos.com\/pt\/#\/schema\/person\/9b1aac541930b43faa1ce7757069ee4d"},"headline":"A \u201cPAELHA VALENCIANA\u201d A CAMINHO DE SER DECLARADA BEM DE INTERESSE CULTURAL\u00a0","datePublished":"2021-04-20T07:49:00+00:00","dateModified":"2021-06-21T14:45:29+00:00","mainEntityOfPage":{"@id":"https:\/\/vaellocampos.com\/pt\/a-paelha-valenciana-a-caminho-de-ser-declarada-bem-de-interesse-cultural\/"},"wordCount":408,"publisher":{"@id":"https:\/\/vaellocampos.com\/pt\/#organization"},"image":{"@id":"https:\/\/vaellocampos.com\/pt\/a-paelha-valenciana-a-caminho-de-ser-declarada-bem-de-interesse-cultural\/#primaryimage"},"thumbnailUrl":"https:\/\/vaellocampos.com\/pt\/wp-content\/uploads\/sites\/6\/1618903951Capturadepantalla20210420alas9.27.09.png","articleSection":["not\u00edcias"],"inLanguage":"es"},{"@type":"WebPage","@id":"https:\/\/vaellocampos.com\/pt\/a-paelha-valenciana-a-caminho-de-ser-declarada-bem-de-interesse-cultural\/","url":"https:\/\/vaellocampos.com\/pt\/a-paelha-valenciana-a-caminho-de-ser-declarada-bem-de-interesse-cultural\/","name":"A \u201cPAELHA VALENCIANA\u201d A CAMINHO DE SER DECLARADA BEM DE INTERESSE CULTURAL\u00a0 - PAELLAS LA VALENCIANA | Customer Cooking Instruments","isPartOf":{"@id":"https:\/\/vaellocampos.com\/pt\/#website"},"primaryImageOfPage":{"@id":"https:\/\/vaellocampos.com\/pt\/a-paelha-valenciana-a-caminho-de-ser-declarada-bem-de-interesse-cultural\/#primaryimage"},"image":{"@id":"https:\/\/vaellocampos.com\/pt\/a-paelha-valenciana-a-caminho-de-ser-declarada-bem-de-interesse-cultural\/#primaryimage"},"thumbnailUrl":"https:\/\/vaellocampos.com\/pt\/wp-content\/uploads\/sites\/6\/1618903951Capturadepantalla20210420alas9.27.09.png","datePublished":"2021-04-20T07:49:00+00:00","dateModified":"2021-06-21T14:45:29+00:00","breadcrumb":{"@id":"https:\/\/vaellocampos.com\/pt\/a-paelha-valenciana-a-caminho-de-ser-declarada-bem-de-interesse-cultural\/#breadcrumb"},"inLanguage":"es","potentialAction":[{"@type":"ReadAction","target":["https:\/\/vaellocampos.com\/pt\/a-paelha-valenciana-a-caminho-de-ser-declarada-bem-de-interesse-cultural\/"]}]},{"@type":"ImageObject","inLanguage":"es","@id":"https:\/\/vaellocampos.com\/pt\/a-paelha-valenciana-a-caminho-de-ser-declarada-bem-de-interesse-cultural\/#primaryimage","url":"https:\/\/vaellocampos.com\/pt\/wp-content\/uploads\/sites\/6\/1618903951Capturadepantalla20210420alas9.27.09.png","contentUrl":"https:\/\/vaellocampos.com\/pt\/wp-content\/uploads\/sites\/6\/1618903951Capturadepantalla20210420alas9.27.09.png","width":639,"height":425},{"@type":"BreadcrumbList","@id":"https:\/\/vaellocampos.com\/pt\/a-paelha-valenciana-a-caminho-de-ser-declarada-bem-de-interesse-cultural\/#breadcrumb","itemListElement":[{"@type":"ListItem","position":1,"name":"Portada","item":"https:\/\/vaellocampos.com\/pt\/"},{"@type":"ListItem","position":2,"name":"A \u201cPAELHA VALENCIANA\u201d A CAMINHO DE SER DECLARADA BEM DE INTERESSE CULTURAL\u00a0"}]},{"@type":"WebSite","@id":"https:\/\/vaellocampos.com\/pt\/#website","url":"https:\/\/vaellocampos.com\/pt\/","name":"PAELLAS LA VALENCIANA | Customer Cooking Instruments","description":"Paellas, frigideiras, ca\u00e7arolas, grelhadores ... La Valenciana desde 1950 oferece aos seus clientes uma vasta gama de produtos","publisher":{"@id":"https:\/\/vaellocampos.com\/pt\/#organization"},"potentialAction":[{"@type":"SearchAction","target":{"@type":"EntryPoint","urlTemplate":"https:\/\/vaellocampos.com\/pt\/?s={search_term_string}"},"query-input":{"@type":"PropertyValueSpecification","valueRequired":true,"valueName":"search_term_string"}}],"inLanguage":"es"},{"@type":"Organization","@id":"https:\/\/vaellocampos.com\/pt\/#organization","name":"PAELLAS LA VALENCIANA | Customer Cooking Instruments","url":"https:\/\/vaellocampos.com\/pt\/","logo":{"@type":"ImageObject","inLanguage":"es","@id":"https:\/\/vaellocampos.com\/pt\/#\/schema\/logo\/image\/","url":"https:\/\/vaellocampos.com\/pt\/wp-content\/uploads\/sites\/6\/cropped-logo-menuprincipal.png","contentUrl":"https:\/\/vaellocampos.com\/pt\/wp-content\/uploads\/sites\/6\/cropped-logo-menuprincipal.png","width":131,"height":67,"caption":"PAELLAS LA VALENCIANA | Customer Cooking Instruments"},"image":{"@id":"https:\/\/vaellocampos.com\/pt\/#\/schema\/logo\/image\/"}},{"@type":"Person","@id":"https:\/\/vaellocampos.com\/pt\/#\/schema\/person\/9b1aac541930b43faa1ce7757069ee4d","name":"admin","image":{"@type":"ImageObject","inLanguage":"es","@id":"https:\/\/vaellocampos.com\/pt\/#\/schema\/person\/image\/","url":"https:\/\/secure.gravatar.com\/avatar\/f8eb7b525dbfc68172255e23633b5e62388a6804841c82e0a637be32d655ead8?s=96&d=mm&r=g","contentUrl":"https:\/\/secure.gravatar.com\/avatar\/f8eb7b525dbfc68172255e23633b5e62388a6804841c82e0a637be32d655ead8?s=96&d=mm&r=g","caption":"admin"},"sameAs":["https:\/\/vaellocampos.com"],"url":"https:\/\/vaellocampos.com\/pt\/author\/o2estudio_3k3rco7w\/"}]}},"uagb_featured_image_src":{"full":["https:\/\/vaellocampos.com\/pt\/wp-content\/uploads\/sites\/6\/1618903951Capturadepantalla20210420alas9.27.09.png",639,425,false],"thumbnail":["https:\/\/vaellocampos.com\/pt\/wp-content\/uploads\/sites\/6\/1618903951Capturadepantalla20210420alas9.27.09.png",128,85,false],"medium":["https:\/\/vaellocampos.com\/pt\/wp-content\/uploads\/sites\/6\/1618903951Capturadepantalla20210420alas9.27.09.png",639,425,false],"medium_large":["https:\/\/vaellocampos.com\/pt\/wp-content\/uploads\/sites\/6\/1618903951Capturadepantalla20210420alas9.27.09.png",639,425,false],"large":["https:\/\/vaellocampos.com\/pt\/wp-content\/uploads\/sites\/6\/1618903951Capturadepantalla20210420alas9.27.09.png",639,425,false],"1536x1536":["https:\/\/vaellocampos.com\/pt\/wp-content\/uploads\/sites\/6\/1618903951Capturadepantalla20210420alas9.27.09.png",639,425,false],"2048x2048":["https:\/\/vaellocampos.com\/pt\/wp-content\/uploads\/sites\/6\/1618903951Capturadepantalla20210420alas9.27.09.png",639,425,false]},"uagb_author_info":{"display_name":"admin","author_link":"https:\/\/vaellocampos.com\/pt\/author\/o2estudio_3k3rco7w\/"},"uagb_comment_info":0,"uagb_excerpt":"20 DE ABRIL DE 2021 A \u00abPAELHA VALENCIANA\u00bb A CAMINHO DE SER [&hellip;]","_links":{"self":[{"href":"https:\/\/vaellocampos.com\/pt\/wp-json\/wp\/v2\/posts\/2430","targetHints":{"allow":["GET"]}}],"collection":[{"href":"https:\/\/vaellocampos.com\/pt\/wp-json\/wp\/v2\/posts"}],"about":[{"href":"https:\/\/vaellocampos.com\/pt\/wp-json\/wp\/v2\/types\/post"}],"author":[{"embeddable":true,"href":"https:\/\/vaellocampos.com\/pt\/wp-json\/wp\/v2\/users\/1"}],"replies":[{"embeddable":true,"href":"https:\/\/vaellocampos.com\/pt\/wp-json\/wp\/v2\/comments?post=2430"}],"version-history":[{"count":6,"href":"https:\/\/vaellocampos.com\/pt\/wp-json\/wp\/v2\/posts\/2430\/revisions"}],"predecessor-version":[{"id":2472,"href":"https:\/\/vaellocampos.com\/pt\/wp-json\/wp\/v2\/posts\/2430\/revisions\/2472"}],"wp:featuredmedia":[{"embeddable":true,"href":"https:\/\/vaellocampos.com\/pt\/wp-json\/wp\/v2\/media\/2435"}],"wp:attachment":[{"href":"https:\/\/vaellocampos.com\/pt\/wp-json\/wp\/v2\/media?parent=2430"}],"wp:term":[{"taxonomy":"category","embeddable":true,"href":"https:\/\/vaellocampos.com\/pt\/wp-json\/wp\/v2\/categories?post=2430"},{"taxonomy":"post_tag","embeddable":true,"href":"https:\/\/vaellocampos.com\/pt\/wp-json\/wp\/v2\/tags?post=2430"}],"curies":[{"name":"wp","href":"https:\/\/api.w.org\/{rel}","templated":true}]}}